{"id":138,"date":"2016-09-19T07:19:45","date_gmt":"2016-09-19T05:19:45","guid":{"rendered":"http:\/\/cieh-chre.org\/en\/?p=138"},"modified":"2016-09-19T07:21:23","modified_gmt":"2016-09-19T05:21:23","slug":"places-of-suffering-and-antifascist-struggle-in-belgrade-1941-44","status":"publish","type":"post","link":"https:\/\/cieh-chre.org\/en\/places-of-suffering-and-antifascist-struggle-in-belgrade-1941-44\/","title":{"rendered":"Places of suffering and antifascist struggle in Belgrade 1941-44"},"content":{"rendered":"<p><a href=\"http:\/\/cieh-chre.org\/en\/wp-content\/uploads\/sites\/3\/2016\/09\/Korice_Prirucnik_1941-44.jpg\" rel=\"lightbox\"><img loading=\"lazy\" class=\"aligncenter wp-image-120\" src=\"http:\/\/cieh-chre.org\/en\/wp-content\/uploads\/sites\/3\/2016\/09\/Korice_Prirucnik_1941-44-584x1024.jpg\" alt=\"korice_prirucnik_1941-44\" width=\"500\" height=\"876\" srcset=\"https:\/\/cieh-chre.org\/en\/wp-content\/uploads\/sites\/3\/2016\/09\/Korice_Prirucnik_1941-44-584x1024.jpg 584w, https:\/\/cieh-chre.org\/en\/wp-content\/uploads\/sites\/3\/2016\/09\/Korice_Prirucnik_1941-44-285x500.jpg 285w, https:\/\/cieh-chre.org\/en\/wp-content\/uploads\/sites\/3\/2016\/09\/Korice_Prirucnik_1941-44.jpg 755w\" sizes=\"(max-width: 500px) 100vw, 500px\" \/><\/a><\/p>\n<table id=\"nolist-full\" class=\"record\">\n<tbody>\n<tr>\n<th scope=\"row\" valign=\"top\" width=\"120\">Author<\/th>\n<td><a href=\"http:\/\/www.vbs.rs\/scripts\/cobiss?ukaz=SEAL&mode=5&id=0711532973807584&PF=AU&term=%22%D0%9C%D0%B0%D0%BD%D0%BE%D1%98%D0%BB%D0%BE%D0%B2%D0%B8%D1%9B-%D0%9F%D0%B8%D0%BD%D1%82%D0%B0%D1%80,%20%D0%9E%D0%BB%D0%B3%D0%B0,%201966-%22\">Manojlovi\u0107-Pintar, Olga, 1966-<\/a><br \/>\n<a href=\"http:\/\/www.vbs.rs\/scripts\/cobiss?ukaz=SEAL&mode=5&id=0711532973807584&PF=AU&term=%22%D0%A0%D0%B0%D0%B4%D0%B0%D0%BD%D0%BE%D0%B2%D0%B8%D1%9B,%20%D0%9C%D0%B8%D0%BB%D0%B0%D0%BD,%201976-%22\">Radanovi\u0107, Milan, 1976-<\/a><br \/>\n<a href=\"http:\/\/www.vbs.rs\/scripts\/cobiss?ukaz=SEAL&mode=5&id=0711532973807584&PF=AU&term=%22%D0%9F%D0%B8%D1%81%D0%B0%D1%80%D0%B8,%20%D0%9C%D0%B8%D0%BB%D0%BE%D0%B2%D0%B0%D0%BD,%201980-%22\">Pisari, Milovan, 1980-<\/a><br \/>\n<a href=\"http:\/\/www.vbs.rs\/scripts\/cobiss?ukaz=SEAL&mode=5&id=0711532973807584&PF=AU&term=%22%D0%9B%D0%B0%D1%98%D0%B1%D0%B5%D0%BD%D1%88%D0%BF%D0%B5%D1%80%D0%B3%D0%B5%D1%80,%20%D0%9D%D0%B5%D0%BD%D0%B0%D0%B4,%201979-%22\">Lajben\u0161perger, Nenad, 1979-<\/a><br \/>\n<a href=\"http:\/\/www.vbs.rs\/scripts\/cobiss?ukaz=SEAL&mode=5&id=0711532973807584&PF=AU&term=%22%D0%A2%D1%80%D0%B0%D0%B2%D0%B5%D1%80%D1%81%D0%BE,%20%D0%95%D0%BD%D1%86%D0%BE,%201957-%22\">Traverso, Enco, 1957-<\/a><br \/>\n<a href=\"http:\/\/www.vbs.rs\/scripts\/cobiss?ukaz=SEAL&mode=5&id=0711532973807584&PF=AU&term=%22%D0%9C%D0%B0%D0%BB%D0%BE%D0%B2%D0%B8%D1%9B,%20%D0%98%D0%BB%D0%B8%D1%98%D0%B0%22\">Malovi\u0107, Ilija<\/a><br \/>\n<a href=\"http:\/\/www.vbs.rs\/scripts\/cobiss?ukaz=SEAL&mode=5&id=0711532973807584&PF=AU&term=%22%D0%9B%D0%B0%D0%BC%D0%B1%D0%B8%D1%9B,%20%D0%9D%D0%B0%D1%82%D0%B0%D1%88%D0%B0%22\">Lambi\u0107, Nata\u0161a<\/a><br \/>\n<a href=\"http:\/\/www.vbs.rs\/scripts\/cobiss?ukaz=SEAL&mode=5&id=0711532973807584&PF=AU&term=%22%D0%90%D1%82%D0%B0%D0%BD%D0%B0%D1%86%D0%BA%D0%BE%D0%B2%D0%B8%D1%9B,%20%D0%9F%D0%B5%D1%82%D0%B0%D1%80,%201979-%22\">Atanackovi\u0107, Petar, 1979-<\/a><\/td>\n<\/tr>\n<tr>\n<th scope=\"row\" valign=\"top\">Title<\/th>\n<td>Mesta stradanja i antifa\u0161isti\u010dke borbe u Beogradu : 1941-44. : priru\u010dnik za \u010ditanje grada \/ [autori Olga Manojlovi\u0107 Pintar &#8230; et al. ; uredni\u0161tvo Milovan Pisarri (Pisari), Rena R\u00e4dle (Redle) ; prevod Milena Popovi\u0107]<\/td>\n<\/tr>\n<tr>\n<th scope=\"row\" valign=\"top\">Type\/content<\/th>\n<td><img loading=\"lazy\" src=\"http:\/\/www.vbs.rs\/opac\/img\/ic_knjiga.gif\" alt=\"type of material\" width=\"16\" height=\"16\" \/>book<\/td>\n<\/tr>\n<tr>\n<th scope=\"row\" valign=\"top\">Language<\/th>\n<td>Serbian<\/td>\n<\/tr>\n<tr>\n<th scope=\"row\" valign=\"top\">Publication date<\/th>\n<td>2013<\/td>\n<\/tr>\n<tr>\n<th scope=\"row\" valign=\"top\">Publication and manufacture<\/th>\n<td>Beograd : Forum za primenjenu istoriju, 2013 (Beograd : Pekograf)<\/td>\n<\/tr>\n<tr>\n<th scope=\"row\" valign=\"top\">Other authors<\/th>\n<td><a href=\"http:\/\/www.vbs.rs\/scripts\/cobiss?ukaz=SEAL&mode=5&id=0711532973807584&PF=AU&term=%22%D0%A0%D0%B5%D0%B4%D0%BB%D0%B5,%20%D0%A0%D0%B5%D0%BD%D0%B0,%201970-%22\">Redle, Rena, 1970-<\/a><br \/>\n<a href=\"http:\/\/www.vbs.rs\/scripts\/cobiss?ukaz=SEAL&mode=5&id=0711532973807584&PF=AU&term=%22%D0%9F%D0%BE%D0%BF%D0%BE%D0%B2%D0%B8%D1%9B,%20%D0%9C%D0%B8%D0%BB%D0%B5%D0%BD%D0%B0%22\">Popovi\u0107, Milena<\/a><\/td>\n<\/tr>\n<tr>\n<th scope=\"row\" valign=\"top\">Physical description<\/th>\n<td>312 str. : ilustr. ; 29 cm + Novi plan Beograda ([1] presavijeni list)<\/td>\n<\/tr>\n<tr>\n<th scope=\"row\" valign=\"top\">Notes<\/th>\n<td>Tira\u017e 300<br \/>\nStr. 6-8: Predgovor \/ urednici<br \/>\nBiografije autora: str. 308<br \/>\nNapomene i bibliografske reference uz svako poglavlje<br \/>\nRegistri.<\/td>\n<\/tr>\n<tr>\n<th scope=\"row\" valign=\"top\">ISBN<\/th>\n<td>ISBN 978-86-916789-0-6<\/td>\n<\/tr>\n<tr>\n<th scope=\"row\" valign=\"top\">Subject terms<\/th>\n<td><a href=\"http:\/\/www.vbs.rs\/scripts\/cobiss?ukaz=SEAL&mode=5&id=0711532973807584&PF=SU&term=%22%D0%9A%D0%BE%D0%BD%D1%86%D0%B5%D0%BD%D1%82%D1%80%D0%B0%D1%86%D0%B8%D0%BE%D0%BD%D0%B8%20%D0%BB%D0%BE%D0%B3%D0%BE%D1%80%D0%B8%22\">Koncentracioni logori<\/a> &#8211; <a href=\"http:\/\/www.vbs.rs\/scripts\/cobiss?ukaz=SEAL&mode=5&id=0711532973807584&PF=SU&term=%22%D0%91%D0%B5%D0%BE%D0%B3%D1%80%D0%B0%D0%B4%22\">Beograd<\/a> &#8211; <a href=\"http:\/\/www.vbs.rs\/scripts\/cobiss?ukaz=SEAL&mode=5&id=0711532973807584&PF=SU&term=%221941-1944%22\">1941-1944<\/a> &#8211; <a href=\"http:\/\/www.vbs.rs\/scripts\/cobiss?ukaz=SEAL&mode=5&id=0711532973807584&PF=SU&term=%22%D0%97%D0%B1%D0%BE%D1%80%D0%BD%D0%B8%D1%86%D0%B8%22\">Zbornici<\/a><br \/>\n<a href=\"http:\/\/www.vbs.rs\/scripts\/cobiss?ukaz=SEAL&mode=5&id=0711532973807584&PF=SU&term=%22%D0%96%D1%80%D1%82%D0%B2%D0%B5%20%D1%84%D0%B0%D1%88%D0%B8%D0%B7%D0%BC%D0%B0%22\">\u017drtve fa\u0161izma<\/a> &#8211; <a href=\"http:\/\/www.vbs.rs\/scripts\/cobiss?ukaz=SEAL&mode=5&id=0711532973807584&PF=SU&term=%22%D0%91%D0%B5%D0%BE%D0%B3%D1%80%D0%B0%D0%B4%22\">Beograd<\/a> &#8211; <a href=\"http:\/\/www.vbs.rs\/scripts\/cobiss?ukaz=SEAL&mode=5&id=0711532973807584&PF=SU&term=%221941-1944%22\">1941-1944<\/a> &#8211; <a href=\"http:\/\/www.vbs.rs\/scripts\/cobiss?ukaz=SEAL&mode=5&id=0711532973807584&PF=SU&term=%22%D0%97%D0%B1%D0%BE%D1%80%D0%BD%D0%B8%D1%86%D0%B8%22\">Zbornici<\/a><br \/>\n<a href=\"http:\/\/www.vbs.rs\/scripts\/cobiss?ukaz=SEAL&mode=5&id=0711532973807584&PF=SU&term=%22%D0%A0%D0%B0%D1%82%D0%BD%D0%B8%20%D0%B7%D0%BB%D0%BE%D1%87%D0%B8%D0%BD%D0%B8%22\">Ratni zlo\u010dini<\/a> &#8211; <a href=\"http:\/\/www.vbs.rs\/scripts\/cobiss?ukaz=SEAL&mode=5&id=0711532973807584&PF=SU&term=%22%D0%91%D0%B5%D0%BE%D0%B3%D1%80%D0%B0%D0%B4%22\">Beograd<\/a> &#8211; <a href=\"http:\/\/www.vbs.rs\/scripts\/cobiss?ukaz=SEAL&mode=5&id=0711532973807584&PF=SU&term=%221941-1944%22\">1941-1944<\/a> &#8211; <a href=\"http:\/\/www.vbs.rs\/scripts\/cobiss?ukaz=SEAL&mode=5&id=0711532973807584&PF=SU&term=%22%D0%97%D0%B1%D0%BE%D1%80%D0%BD%D0%B8%D1%86%D0%B8%22\">Zbornici<\/a><br \/>\n<a href=\"http:\/\/www.vbs.rs\/scripts\/cobiss?ukaz=SEAL&mode=5&id=0711532973807584&PF=SU&term=%22%D0%90%D0%BD%D1%82%D0%B8%D1%84%D0%B0%D1%88%D0%B8%D0%B7%D0%B0%D0%BC%22\">Antifa\u0161izam<\/a> &#8211; <a href=\"http:\/\/www.vbs.rs\/scripts\/cobiss?ukaz=SEAL&mode=5&id=0711532973807584&PF=SU&term=%22%D0%91%D0%B5%D0%BE%D0%B3%D1%80%D0%B0%D0%B4%22\">Beograd<\/a> &#8211; <a href=\"http:\/\/www.vbs.rs\/scripts\/cobiss?ukaz=SEAL&mode=5&id=0711532973807584&PF=SU&term=%221941-1944%22\">1941-1944<\/a> &#8211; <a href=\"http:\/\/www.vbs.rs\/scripts\/cobiss?ukaz=SEAL&mode=5&id=0711532973807584&PF=SU&term=%22%D0%97%D0%B1%D0%BE%D1%80%D0%BD%D0%B8%D1%86%D0%B8%22\">Zbornici<\/a><\/td>\n<\/tr>\n<tr>\n<th scope=\"row\" valign=\"top\">UDC<\/th>\n<td>343.819.5(497.11)&#8221;1941\/1944&#8243;(082)<br \/>\n323.282-058.6(497.11)&#8221;1941\/1944&#8243;(082)<br \/>\n341.322.5(497.11)&#8221;1941\/1944&#8243;(082)<br \/>\n329.13(497.11)&#8221;1941\/1944&#8243;(082)<\/td>\n<\/tr>\n<tr>\n<th scope=\"row\" valign=\"top\">COBISS.SR-ID<\/th>\n<td>198837004<\/td>\n<\/tr>\n<\/tbody>\n<\/table>\n<div class=\"mks_pullquote mks_pullquote_left\" style=\"width:760px; font-size: 24px; color: #ffffff; background-color:#000000;\">\n<div data-configid=\"7209387\/38912241\" style=\"width:760px; height:465px;\" class=\"issuuembed\"><\/div>\n<p><script type=\"text\/javascript\" src=\"\/\/e.issuu.com\/embed.js\" async=\"true\"><\/script><\/p>\n<\/div>\n","protected":false},"excerpt":{"rendered":"<p>Author Manojlovi\u0107-Pintar, Olga, 1966- Radanovi\u0107, Milan, 1976- Pisari, Milovan, 1980- Lajben\u0161perger, Nenad, 1979- Traverso, Enco, 1957- Malovi\u0107, Ilija Lambi\u0107, Nata\u0161a Atanackovi\u0107, Petar, 1979- Title Mesta stradanja i antifa\u0161isti\u010dke borbe u Beogradu : 1941-44. : priru\u010dnik za \u010ditanje grada \/ [autori Olga Manojlovi\u0107 Pintar &#8230; et al. ; uredni\u0161tvo Milovan Pisarri (Pisari), Rena R\u00e4dle (Redle) ; [&hellip;]<\/p>\n","protected":false},"author":1,"featured_media":120,"comment_status":"closed","ping_status":"closed","sticky":false,"template":"","format":"standard","meta":[],"categories":[8],"tags":[],"acf":[],"wps_subtitle":"","_links":{"self":[{"href":"https:\/\/cieh-chre.org\/en\/wp-json\/wp\/v2\/posts\/138"}],"collection":[{"href":"https:\/\/cieh-chre.org\/en\/wp-json\/wp\/v2\/posts"}],"about":[{"href":"https:\/\/cieh-chre.org\/en\/wp-json\/wp\/v2\/types\/post"}],"author":[{"embeddable":true,"href":"https:\/\/cieh-chre.org\/en\/wp-json\/wp\/v2\/users\/1"}],"replies":[{"embeddable":true,"href":"https:\/\/cieh-chre.org\/en\/wp-json\/wp\/v2\/comments?post=138"}],"version-history":[{"count":1,"href":"https:\/\/cieh-chre.org\/en\/wp-json\/wp\/v2\/posts\/138\/revisions"}],"predecessor-version":[{"id":139,"href":"https:\/\/cieh-chre.org\/en\/wp-json\/wp\/v2\/posts\/138\/revisions\/139"}],"wp:featuredmedia":[{"embeddable":true,"href":"https:\/\/cieh-chre.org\/en\/wp-json\/wp\/v2\/media\/120"}],"wp:attachment":[{"href":"https:\/\/cieh-chre.org\/en\/wp-json\/wp\/v2\/media?parent=138"}],"wp:term":[{"taxonomy":"category","embeddable":true,"href":"https:\/\/cieh-chre.org\/en\/wp-json\/wp\/v2\/categories?post=138"},{"taxonomy":"post_tag","embeddable":true,"href":"https:\/\/cieh-chre.org\/en\/wp-json\/wp\/v2\/tags?post=138"}],"curies":[{"name":"wp","href":"https:\/\/api.w.org\/{rel}","templated":true}]}}